{"id":952,"date":"2024-09-24T11:21:47","date_gmt":"2024-09-24T09:21:47","guid":{"rendered":"https:\/\/mm.jacorprojekt.de\/?p=946"},"modified":"2026-02-04T11:16:56","modified_gmt":"2026-02-04T10:16:56","slug":"eiche-und-wildeiche-massivholz-mit-qualitaetsanspruch","status":"publish","type":"post","link":"https:\/\/www.main-moebel.de\/massivholzmoebel-ratgeber\/holzarten\/eiche-und-wildeiche-massivholz-mit-qualitaetsanspruch\/","title":{"rendered":"Eiche und Wildeiche \u2013 Massivholz mit Qualit\u00e4tsanspruch"},"content":{"rendered":"<div id=\"ez-toc-container\" class=\"ez-toc-v2_0_82_2 counter-hierarchy ez-toc-counter ez-toc-custom ez-toc-container-direction\">\n<div class=\"ez-toc-title-container\">\n<p class=\"ez-toc-title\" style=\"cursor:inherit\">Inhalt<\/p>\n<span class=\"ez-toc-title-toggle\"><\/span><\/div>\n<nav><ul class='ez-toc-list ez-toc-list-level-1 ' ><li class='ez-toc-page-1 ez-toc-heading-level-2'><a class=\"ez-toc-link ez-toc-heading-1\" href=\"https:\/\/www.main-moebel.de\/massivholzmoebel-ratgeber\/holzarten\/eiche-und-wildeiche-massivholz-mit-qualitaetsanspruch\/#Eigenschaften_der_Eiche_Das_muessen_Sie_ueber_Eichenholz_wissen\" >Eigenschaften der Eiche: Das m\u00fcssen Sie \u00fcber Eichenholz wissen<\/a><ul class='ez-toc-list-level-3' ><li class='ez-toc-heading-level-3'><a class=\"ez-toc-link ez-toc-heading-2\" href=\"https:\/\/www.main-moebel.de\/massivholzmoebel-ratgeber\/holzarten\/eiche-und-wildeiche-massivholz-mit-qualitaetsanspruch\/#Herstellung_Wie_wird_Eichenholz_hergestellt\" >Herstellung: Wie wird Eichenholz hergestellt?<\/a><\/li><li class='ez-toc-page-1 ez-toc-heading-level-3'><a class=\"ez-toc-link ez-toc-heading-3\" href=\"https:\/\/www.main-moebel.de\/massivholzmoebel-ratgeber\/holzarten\/eiche-und-wildeiche-massivholz-mit-qualitaetsanspruch\/#Vorteile_der_Eiche_Eichenholz_eignet_sich_perfekt_fuer_Massivholzmoebel\" >Vorteile der Eiche: Eichenholz eignet sich perfekt f\u00fcr Massivholzm\u00f6bel<\/a><\/li><li class='ez-toc-page-1 ez-toc-heading-level-3'><a class=\"ez-toc-link ez-toc-heading-4\" href=\"https:\/\/www.main-moebel.de\/massivholzmoebel-ratgeber\/holzarten\/eiche-und-wildeiche-massivholz-mit-qualitaetsanspruch\/#Einsatzgebiete_von_Eiche_Wo_wird_Eichenholz_bevorzugt_verwendet\" >Einsatzgebiete von Eiche: Wo wird Eichenholz bevorzugt verwendet?<\/a><\/li><\/ul><\/li><li class='ez-toc-page-1 ez-toc-heading-level-2'><a class=\"ez-toc-link ez-toc-heading-5\" href=\"https:\/\/www.main-moebel.de\/massivholzmoebel-ratgeber\/holzarten\/eiche-und-wildeiche-massivholz-mit-qualitaetsanspruch\/#Eiche_vs_Wildeiche_Was_ist_der_Unterschied\" >Eiche vs. Wildeiche: Was ist der Unterschied?<\/a><ul class='ez-toc-list-level-3' ><li class='ez-toc-heading-level-3'><a class=\"ez-toc-link ez-toc-heading-6\" href=\"https:\/\/www.main-moebel.de\/massivholzmoebel-ratgeber\/holzarten\/eiche-und-wildeiche-massivholz-mit-qualitaetsanspruch\/#Ueber_die_Pflege_von_Eichenholzmoebeln\" >\u00dcber die Pflege von Eichenholzm\u00f6beln<\/a><\/li><\/ul><\/li><li class='ez-toc-page-1 ez-toc-heading-level-2'><a class=\"ez-toc-link ez-toc-heading-7\" href=\"https:\/\/www.main-moebel.de\/massivholzmoebel-ratgeber\/holzarten\/eiche-und-wildeiche-massivholz-mit-qualitaetsanspruch\/#Massivholzmoebel_aus_Eichenholz_Nachhaltig_hochwertig_und_langlebig\" >Massivholzm\u00f6bel aus Eichenholz: Nachhaltig, hochwertig und langlebig<\/a><\/li><\/ul><\/nav><\/div>\n<p>[et_pb_section fb_built=&#8220;1&#8243; _builder_version=&#8220;4.16&#8243; global_colors_info=&#8220;{}&#8220;][et_pb_row _builder_version=&#8220;4.16&#8243; background_size=&#8220;initial&#8220; background_position=&#8220;top_left&#8220; background_repeat=&#8220;repeat&#8220; global_colors_info=&#8220;{}&#8220;][et_pb_column type=&#8220;4_4&#8243; _builder_version=&#8220;4.16&#8243; custom_padding=&#8220;|||&#8220; global_colors_info=&#8220;{}&#8220; custom_padding__hover=&#8220;|||&#8220;][et_pb_text _builder_version=&#8220;4.27.0&#8243; background_size=&#8220;initial&#8220; background_position=&#8220;top_left&#8220; background_repeat=&#8220;repeat&#8220; hover_enabled=&#8220;0&#8243; global_colors_info=&#8220;{}&#8220; sticky_enabled=&#8220;0&#8243;]<\/p>\n<p>Die Eiche beansprucht in Deutschland \u00fcber 10% der gesamten Waldfl\u00e4che und ist einer der am weitesten verbreiteten B\u00e4ume hierzulande. Kein Wunder also, dass sich die Eiche auch einer solch gro\u00dfen Beliebtheit in der hiesigen M\u00f6belproduktion erfreut.<\/p>\n<p>Der gro\u00dfe Vorteil daran: Die Eiche eignet sich insbesondere f\u00fcr M\u00f6bel aus Massivholz aus vielerlei guten Gr\u00fcnden. Warum das so ist und weshalb massiv verarbeitete Eiche bei M\u00f6beln ein echtes Qualit\u00e4tsmerkmal darstellt, ist das Thema unseres heutigen Blogbeitrags.<\/p>\n<h2><span class=\"ez-toc-section\" id=\"Eigenschaften_der_Eiche_Das_muessen_Sie_ueber_Eichenholz_wissen\"><\/span>Eigenschaften der Eiche: Das m\u00fcssen Sie \u00fcber Eichenholz wissen<span class=\"ez-toc-section-end\"><\/span><\/h2>\n<p>Die Eiche punktet mit einer nat\u00fcrlichen Farbgebung und \u00fcblicherweise gut erkennbaren Jahresringen, die dem Eichenholz eine hochwertige Maserung verleihen. Dadurch sind klare Linien in M\u00f6beln erkennbar, die aus Eichenholz gefertigt sind, was zur Gesamt\u00e4sthetik ma\u00dfgeblich beitr\u00e4gt.<\/p>\n<h3><span class=\"ez-toc-section\" id=\"Herstellung_Wie_wird_Eichenholz_hergestellt\"><\/span>Herstellung: Wie wird Eichenholz hergestellt?<span class=\"ez-toc-section-end\"><\/span><\/h3>\n<p>Alleine in Deutschland gibt es mehr als eine Million Hektar an Eichen, wodurch sich ein Gro\u00dfteil des Eichenholzes hierzulande schlagen l\u00e4sst. Dadurch muss das Holz keine langen Wege per Schiff und\/oder LWK zur\u00fccklegen und punktet durch ein hohes Ma\u00df an Nachhaltigkeit.<\/p>\n<p>Insgesamt entwickeln Eichen sich in eher gem\u00e4\u00dfigten Klimazonen am besten, wodurch ein hohes Vorkommen neben einigen L\u00e4ndern Europas auch in Asien und Nordamerika zu finden ist.<\/p>\n<h3><span class=\"ez-toc-section\" id=\"Vorteile_der_Eiche_Eichenholz_eignet_sich_perfekt_fuer_Massivholzmoebel\"><\/span>Vorteile der Eiche: Eichenholz eignet sich perfekt f\u00fcr Massivholzm\u00f6bel<span class=\"ez-toc-section-end\"><\/span><\/h3>\n<p>Zu den gro\u00dfen Vorteilen von Eichenholz z\u00e4hlt insbesondere die lange Haltbarkeit, die Robustheit sowie die grundlegende Resistenz gegen\u00fcber \u00e4u\u00dferer Einfl\u00fcsse wie der Witterung, was eben auch dem nat\u00fcrlichen Vorkommen der Eiche geschuldet ist.<\/p>\n<p>Weil Massivholzm\u00f6bel ebenfalls darauf ausgelegt sind, herk\u00f6mmliche M\u00f6belst\u00fccke in puncto Lebenszeit zu \u00fcberdauern, harmonieren genau diese Eigenschaften der Eiche geradezu perfekt mit Massivholz.<\/p>\n<p>Entsprechend pr\u00e4destiniert ist Eichenholz deshalb daf\u00fcr, massiv verarbeitet zu werden. Zu den genannten Eigenschaften und Vorz\u00fcgen kommt schlie\u00dflich auch noch hinzu, dass Eichenholz sehr fest ist und sich sehr wenig verzieht.<\/p>\n<p>Last, but not least, handelt es sich um ein Holz mit hohem nat\u00fcrlichen Vorkommen in Deutschland, wodurch die Verwendung der Eiche \u2013 wie bereits angedeutet \u2013 mit einer guten Umweltbilanz einhergeht.<\/p>\n<h3><span class=\"ez-toc-section\" id=\"Einsatzgebiete_von_Eiche_Wo_wird_Eichenholz_bevorzugt_verwendet\"><\/span>Einsatzgebiete von Eiche: Wo wird Eichenholz bevorzugt verwendet?<span class=\"ez-toc-section-end\"><\/span><\/h3>\n<p>Aufgrund der dargelegten Eigenschaften und Vorteile kommt Eichenholz neben Massivholzm\u00f6beln wie beispielsweise einem <a href=\"https:\/\/www.main-moebel.de\/wohnzimmer\/sideboards\">Sideboard<\/a>, einer <a href=\"https:\/\/www.main-moebel.de\/wohnzimmer\/vitrinen\">Vitrine<\/a>, einem <a href=\"https:\/\/www.main-moebel.de\/wohnzimmer\/highboards\">Highboard<\/a>, einem <a href=\"https:\/\/www.main-moebel.de\/wohnzimmer\/couchtische\">Couchtisch<\/a> oder auch einem Wandboard, auch beim Hausbau sehr h\u00e4ufig zum Einsatz. Zum Beispiel bei Treppen, Gel\u00e4ndern, Vert\u00e4felungen oder auch als hochwertiger Bodenbelag.<\/p>\n<p>Auch edle St\u00fchle, Betten oder B\u00e4nke lassen sich aus Eiche herstellen. Schlie\u00dflich ist auch die Oberfl\u00e4che bei diesem widerstandsf\u00e4higen Holz ausgesprochen attraktiv und punktet aufgrund der Beschaffenheit der Eiche mit einer \u00e4sthetischen Nat\u00fcrlichkeit.<\/p>\n<h2><span class=\"ez-toc-section\" id=\"Eiche_vs_Wildeiche_Was_ist_der_Unterschied\"><\/span>Eiche vs. Wildeiche: Was ist der Unterschied?<span class=\"ez-toc-section-end\"><\/span><\/h2>\n<p>Vielerorts werden die Begriffe zwar synonym verwendet. Tats\u00e4chlich gibt es aber einen entscheidenden Unterschied. Die Wildeiche wird n\u00e4mlich aus jenen Eichenb\u00e4umen gewonnen, die in der Natur ausschlie\u00dflich an besonderen Orten vorkommen. Beispielsweise an Waldr\u00e4ndern oder sogar komplett fernab von W\u00e4ldern, wo sie freistehend viel st\u00e4rker der Witterung ausgesetzt sind.<\/p>\n<p>Dabei entwickeln solche Eichenb\u00e4ume \u00fcblicherweise ausgepr\u00e4gtere Wuchsmerkmale. Beispielsweise Harzkan\u00e4le oder auch Astl\u00f6cher. Gelegentlich wird dieses als \u201eWildeiche\u201c angebotene Eichenholz deshalb auch als \u201eAsteiche\u201c bezeichnet.<\/p>\n<p>Die Wildeiche hat aber nicht nur ein auff\u00e4lligeres Profil, sondern sie ist auch ganz allgemein deutlich ausdrucksst\u00e4rker als die herk\u00f6mmliche Eiche. Folgerichtig ist das nat\u00fcrliche Farbspektrum der Wildeiche deutlich facettenreicher und reicht von sehr hellen und fast schon gelblichen T\u00f6nen bis hin zu tiefem Dunkelbraun.<\/p>\n<h3><span class=\"ez-toc-section\" id=\"Ueber_die_Pflege_von_Eichenholzmoebeln\"><\/span>\u00dcber die Pflege von Eichenholzm\u00f6beln<span class=\"ez-toc-section-end\"><\/span><\/h3>\n<p>Grunds\u00e4tzlich kommt es bei der Pflege immer stark auf die Verarbeitung der Oberfl\u00e4chen des M\u00f6belst\u00fccks an.<\/p>\n<p>Ist das Eichenholz lackiert worden, bedarf es \u00fcblicherweise keiner regelm\u00e4\u00dfigen Pflege. Aus \u00e4sthetischen Gr\u00fcnden sollte dann allerdings der Lack alle paar Jahre eine Auffrischung erhalten. Kommt das M\u00f6belst\u00fcck hingegen unlackiert, bzw. ge\u00f6lt, so sollten die Oberfl\u00e4chen in etwa einmal pro Vierteljahr nachbearbeitet werden. Letztlich kommt es hierbei allerdings auch auf die genaue Art der Behandlung an.<\/p>\n<p>F\u00fcr die oberfl\u00e4chliche Pflege geht es der Eiche wie eigentlich allen anderen Massivh\u00f6lzern auch. Zur Reinigung lassen sich die Oberfl\u00e4chen mit einem etwas angefeuchteten Tuch, bzw. mit einem Staubtuch reinigen. F\u00fcr konkrete Pflegehinweise zu M\u00f6beln, die Sie in der der <a href=\"https:\/\/www.main-moebel.de\/\">Online-Welt von Main M\u00f6bel<\/a> finden, stehen wir Ihnen aber selbstverst\u00e4ndlich sehr gerne auch im pers\u00f6nlichen Gespr\u00e4ch zur Verf\u00fcgung. Dar\u00fcber hinaus finden Sie Pflegesets und entsprechende \u00d6le auch in unserem Online-Shop.<\/p>\n<h2><span class=\"ez-toc-section\" id=\"Massivholzmoebel_aus_Eichenholz_Nachhaltig_hochwertig_und_langlebig\"><\/span>Massivholzm\u00f6bel aus Eichenholz: Nachhaltig, hochwertig und langlebig<span class=\"ez-toc-section-end\"><\/span><\/h2>\n<p>Massivholzm\u00f6bel aus Eichenholz \u00fcberzeugen mit einer nat\u00fcrlichen \u00c4sthetik, sind aber besonders durch die breite Farbpalette bei Wildeiche insgesamt immer noch variabel genug, um praktisch jedem erdenklichen Einrichtungsstil entsprechend gebaut zu werden.<\/p>\n<p>Auf diese Weise sind Eichenm\u00f6bel nicht etwa dem modernen Einrichtungsstil vorbehalten, sondern lassen sich ebenso im Vintage-Stil oder auch im Industrial-Stil antreffen.<\/p>\n<p>Dabei bleiben die bestechenden Vorteile dieser hochwertigen M\u00f6bel immer gleich: Sie sehen nicht nur unversch\u00e4mt elegant und edel aus, sondern sind durch ihre besonderen Eigenschaften auch ausgesprochen langlebig. Hinzu kommt ein hohes Ma\u00df an Nachhaltigkeit, das sich auch in der Nat\u00fcrlichkeit dieser besonderen M\u00f6belst\u00fccke abbildet.<\/p>\n<p>Gerne \u00fcberzeugen wir Sie in der der <a href=\"https:\/\/www.main-moebel.de\/\">Online-Welt von Main M\u00f6bel<\/a> von der Vielseitigkeit von M\u00f6beln aus massiver Eiche und Wildeiche. Unter anderem k\u00f6nnen Sie hier mit nur einem Mausklick unseren Newsletter abonnieren. Hierf\u00fcr bekommen Sie einen 5\u20ac Gutschein f\u00fcr unseren Online-Shop von uns geschenkt.<\/p>\n<p>[\/et_pb_text][\/et_pb_column][\/et_pb_row][\/et_pb_section]<\/p>\n","protected":false},"excerpt":{"rendered":"<p>Die Eiche beansprucht in Deutschland \u00fcber 10% der gesamten Waldfl\u00e4che und ist einer der am weitesten verbreiteten B\u00e4ume hierzulande. Kein Wunder also, dass sich die Eiche auch einer solch gro\u00dfen Beliebtheit in der hiesigen M\u00f6belproduktion erfreut. Der gro\u00dfe Vorteil daran: Die Eiche eignet sich insbesondere f\u00fcr M\u00f6bel aus Massivholz aus vielerlei guten Gr\u00fcnden. Warum das [&hellip;]<\/p>\n","protected":false},"author":3,"featured_media":953,"comment_status":"closed","ping_status":"closed","sticky":false,"template":"","format":"standard","meta":{"_et_pb_use_builder":"on","_et_pb_old_content":"<p>Genau wie zu Weihnachten der Weihnachtsbaum geh\u00f6rt, ist der Adventskranz fest mit der Adventszeit verbunden. Der h\u00fcbsche und stilvolle Kranz f\u00fcr den Tisch mit den vier Kerzen alleine macht aber noch keine Adventsdekoration aus.<\/p><p>Soll der einzigartige Flair der besinnlichen Jahreszeit in den eigenen vier W\u00e4nden einziehen, muss allerdings auch nicht gleich jeder Raum aufwendig mit mehreren Kisten voller Dekoartikel geschm\u00fcckt werden. Stattdessen reichen ein paar kleine, aber feine Akzente, um sich in der vorweihnachtliche Zeit warm und liebevoll einzurichten.<\/p><p>Damit auch Sie stilsicher durch die Weihnachtszeit kommen, haben wir im vorliegenden Blogbeitrag ein paar wundervolle Dekoideen im Advent f\u00fcr Sie zusammengestellt.<\/p><h2>Dekoideen im Advent: Die Natur ins Haus holen<\/h2><p>Bereits 15 Minuten Spazierengehen im Wald senkt Blutdruck und Herzfrequenz, reduziert Stress und st\u00e4rkt das Immunsystem. Warum also nicht die tollen Effekte eines Spaziergangs in der Natur mit der Adventsdekoration verbinden? Alles, was Sie zur kalten Jahreszeit schlie\u00dflich drau\u00dfen finden k\u00f6nnen, bietet sich geradezu perfekt f\u00fcr die heimische Adventsdeko an.<\/p><p>Egal, ob es sich um Tannenzapfen, Koniferen, Tannenzweige oder auch Hagebutten handelt: Die heimische Flora gibt nicht nur in den warmen Jahreszeiten, sondern auch im Winter einiges her. Dabei hat der nat\u00fcrliche Winterschmuck auch das passende Aussehen, um sich beispielsweise nahtlos an den Adventskranz zu reihen und den Esstisch, Beistellschr\u00e4nke oder auch Wandboards stilvoll zu schm\u00fccken.<\/p><p>Wer den Fund aus dem nahegelegenen Wald gerne noch stimmig erweitern m\u00f6chte, der kann au\u00dferdem \u00c4pfel, Zier\u00e4pfel oder auch N\u00fcsse in die Adventsdeko einbinden.<\/p><h2>Eine Adventsdekoration, die alle Sinne anspricht \u2013 Nat\u00fcrliche Dekoideen im Advent<\/h2><p>Der gro\u00dfe Vorteil von solch nat\u00fcrlicher Dekoration besteht \u00fcberdies darin, dass Sie sich mit typischen Funden aus der Natur auch einen ganz nat\u00fcrlichen Duft in die eigenen vier W\u00e4nde holen. Auf diese Weise spricht Ihre Adventsdekoration alle Sinne an und bringt auch bei kalten Temperaturen, bei denen der Spaziergang lieber zugunsten der W\u00e4rmeflasche und der Decke einem ruhigen Nachmittag auf der kuschligen Couch weicht, diesen ganz besonderen Flair in Ihre Wohnung.<\/p><p>Perfekt erg\u00e4nzt sich ein solch nat\u00fcrlicher Geruch, der von Tannenzapfen und Tannenzweifen ausgeht, \u00fcbrigens mit M\u00f6beln aus Massivholz, die mit ihrem markanten Geruch und der hochwertigen Authentizit\u00e4t genau jene Stimmung eines vertr\u00e4umten Waldspaziergangs zu tragen verm\u00f6gen.<\/p><h2>Dekoideen im Advent zum Selberbasteln<\/h2><p>Dekorationen m\u00fcssen nicht zwangsl\u00e4ufig teuer gekauft werden oder im Wald gesammelt werden. Ganz vieles l\u00e4sst sich auch mit ganz einfachen Mitteln selber machen und basteln. Dazu braucht es noch nicht einmal allzu viel Begabung, sondern nur ein wenig Kreativit\u00e4t.<\/p><p>Beispielsweise k\u00f6nnten Sie alte Marmeladengl\u00e4ser aussp\u00fclen, um daraus stimmungsvolle Windlichter herzustellen. Eiskristall-Effektspray, mit dem Sie diese Gl\u00e4ser einspr\u00fchen k\u00f6nnen, gibt es im gut sortierten Bastelgesch\u00e4ft um die Ecke. Zus\u00e4tzlich k\u00f6nnen Sie stimmungsvolle Sterne aus Papier ausschneiden und damit die bearbeiteten Gl\u00e4ser verzieren, in denen einfache Teelichter dann einen ganzen Raum tragen k\u00f6nnen.<\/p><p>Taillenhohe Sideboards aus Massivholz, die mit einer Handvoll solcher selbstgebastelten Windlichter und dem einen oder anderen Tannenzweig perfekt in Szene gesetzt werden k\u00f6nnen, gibt es \u00fcbrigens in der umfangreichen Online-Welt von Main M\u00f6bel.<\/p><p>Ohnehin erg\u00e4nzen sich M\u00f6bel aus Massivholz geradezu perfekt mit selbst gebastelter Winterdekoration. Da reicht beispielsweise schon ein Wandboard aus Massivholz, das elegant geschm\u00fcckt f\u00fcr einen nachhaltigen Eindruck sorgt und einen Raum mit wenig Aufwand v\u00f6llig ver\u00e4ndern kann.<\/p><h2>Weitere Dekoideen im Advent: Stimmungsvoll dekorieren mit dem, was schon da ist<\/h2><p>H\u00e4ufen sich bei Ihnen in der Weihnachtszeit auch immer die Pakete und P\u00e4ckchen von den Online-Bestellungen der Weihnachtsgeschenke? Wenn ja, dann nutzen Sie einen Teil des Papierm\u00fclls doch, um ihn in Ihre Weihnachtsdeko einzubinden! Beispielsweise k\u00f6nnen Sie ein paar leere Kartons mit stimmungsvollem Weihnachtspapier schm\u00fccken. Diese Geschenke-Deko sorgt nicht nur f\u00fcr mehr Stimmung an und um den Weihnachtsbaum herum, sondern kann auch gro\u00dfe Kommoden, Sideboards oder Vitrinen zieren.<\/p><p>Geh\u00f6ren Sie dar\u00fcber hinaus auch zu den Menschen, die deutlich mehr Weihnachtsschmuck zuhause haben, als Sie am Tannenbaum unterbringen k\u00f6nnen? Ist es Jahr f\u00fcr Jahr nicht immer irgendwie \u00e4rgerlich, dass ein Teil dieser gehegten und gepflegten Kugeln, Girlanden und Lichterketten keinen Platz mehr am Baum hat? Dann nutzen Sie den \u00fcberfl\u00fcssigen Weihnachtsbaumschmuck doch, um damit die restliche Wohnung zu dekorieren! Beispielsweise, indem Sie die Anh\u00e4nger in Dekoschalen mit ein paar Zweigen aufbereiten und diese Schalen an passenden Stellen platzieren.<\/p><h2>Stimmungsvolle Adventsdeko mit Lichtern<\/h2><p>Die Advents- und Weihnachtszeit hat etwas And\u00e4chtiges und Besinnliches. Dazu passt dezente Beleuchtung. Nat\u00fcrlich l\u00e4sst sich diese Stimmung sehr gut mit Kerzen erzeugen, die perfekt mit den Lichterketten an den Fenstern und am Tannenbaum harmonieren.<\/p><p>Tats\u00e4chlich lassen sich aber auch stimmungsvolle Lichter als tragende Elemente in die Adventsdekoration einbauen. Insbesondere indirekte Beleuchtung, die sich \u00fcbrigens auch perfekt an M\u00f6beln aus Massivholz (beispielsweise Massivholz Vitrinen) anbringen l\u00e4sst, sorgt f\u00fcr einen unvergleichlichen Effekt, der zus\u00e4tzliche Ruhe, W\u00e4rme und Behaglichkeit in den Raum bringt.<\/p><p>Stimmungsvolle Beleuchtung finden Sie \u00fcbrigens auch in der Online-Welt von Main M\u00f6bel. Folgen Sie doch dem Link und abonnieren Sie bei der Gelegenheit doch auch direkt unseren Newsletter. Als Dankesch\u00f6n gibt\u2019s einen 5\u20ac Gutschein f\u00fcr die n\u00e4chste Bestellung in unserem Online-Shop.<\/p><p>Wir bedanken uns f\u00fcr Ihr Interesse an unserem Blog und freuen uns, wenn unsere Dekoideen im Advent Ihnen als Anregung f\u00fcr die sch\u00f6nste Zeit des Jahres dienen konnten![\/vc_column_text][\/vc_column][\/vc_row]<\/p>","_et_gb_content_width":"","inline_featured_image":false,"_daim_seo_power":"","_daim_enable_ail":"","footnotes":""},"categories":[6],"tags":[9],"class_list":["post-952","post","type-post","status-publish","format-standard","has-post-thumbnail","hentry","category-holzarten","tag-wohnzimmer"],"_links":{"self":[{"href":"https:\/\/www.main-moebel.de\/massivholzmoebel-ratgeber\/wp-json\/wp\/v2\/posts\/952","targetHints":{"allow":["GET"]}}],"collection":[{"href":"https:\/\/www.main-moebel.de\/massivholzmoebel-ratgeber\/wp-json\/wp\/v2\/posts"}],"about":[{"href":"https:\/\/www.main-moebel.de\/massivholzmoebel-ratgeber\/wp-json\/wp\/v2\/types\/post"}],"author":[{"embeddable":true,"href":"https:\/\/www.main-moebel.de\/massivholzmoebel-ratgeber\/wp-json\/wp\/v2\/users\/3"}],"replies":[{"embeddable":true,"href":"https:\/\/www.main-moebel.de\/massivholzmoebel-ratgeber\/wp-json\/wp\/v2\/comments?post=952"}],"version-history":[{"count":1,"href":"https:\/\/www.main-moebel.de\/massivholzmoebel-ratgeber\/wp-json\/wp\/v2\/posts\/952\/revisions"}],"predecessor-version":[{"id":1157,"href":"https:\/\/www.main-moebel.de\/massivholzmoebel-ratgeber\/wp-json\/wp\/v2\/posts\/952\/revisions\/1157"}],"wp:featuredmedia":[{"embeddable":true,"href":"https:\/\/www.main-moebel.de\/massivholzmoebel-ratgeber\/wp-json\/wp\/v2\/media\/953"}],"wp:attachment":[{"href":"https:\/\/www.main-moebel.de\/massivholzmoebel-ratgeber\/wp-json\/wp\/v2\/media?parent=952"}],"wp:term":[{"taxonomy":"category","embeddable":true,"href":"https:\/\/www.main-moebel.de\/massivholzmoebel-ratgeber\/wp-json\/wp\/v2\/categories?post=952"},{"taxonomy":"post_tag","embeddable":true,"href":"https:\/\/www.main-moebel.de\/massivholzmoebel-ratgeber\/wp-json\/wp\/v2\/tags?post=952"}],"curies":[{"name":"wp","href":"https:\/\/api.w.org\/{rel}","templated":true}]}}